{"id":11999,"date":"2024-11-18T16:51:45","date_gmt":"2024-11-18T15:51:45","guid":{"rendered":"https:\/\/esda.es\/?p=11999"},"modified":"2024-11-19T18:43:14","modified_gmt":"2024-11-19T17:43:14","slug":"un-premio-a-la-investigacion-en-diseno-para-la-esda","status":"publish","type":"post","link":"https:\/\/esda.es\/en\/a-design-research-award-for-the-esda\/","title":{"rendered":"Design Research Award for ESDA."},"content":{"rendered":"<p><strong>2nd Ibero-American Forum on Design Research. And two ESDA papers on social design.<\/strong><\/p>\n\n\n\n<p>The Scientific Committee of the 2nd Ibero-American Forum on Design Research, organised by the Asociaci\u00f3n Iberoam\u00e9rica Dise\u00f1a, has rigorously evaluated the more than two hundred abstracts received, using a double blind peer review system.<\/p>\n\n\n\n<p><strong>Towards a Model of Social Design Education: From Introspection to Co-creation. A Proposal' has been one of the fifteen evaluated with the highest distinction. <\/strong>It is an outstanding achievement that reflects the effort we invest in design research, specifically in our field of Design Research for Social Innovation (IDIS), and in this case by the ESDA DESIS Lab Core Team (Cecilia Casas-Romero, Jos\u00e9 Ch\u00e1vez Mu\u00f1oz, Alberto Franco Gomis, In\u00e9s Marco Aguilar and Ana Gonz\u00e1lez Collado).<\/p>\n\n\n\n<figure class=\"wp-block-gallery has-nested-images columns-default is-cropped wp-block-gallery-1 is-layout-flex wp-block-gallery-is-layout-flex\">\n<figure class=\"wp-block-image size-large\"><img loading=\"lazy\" decoding=\"async\" width=\"1080\" height=\"1080\" data-id=\"12004\" src=\"https:\/\/esda.es\/wp-content\/uploads\/2024\/11\/5.jpg\" alt=\"\" class=\"wp-image-12004\" srcset=\"https:\/\/esda.es\/wp-content\/uploads\/2024\/11\/5.jpg 1080w, https:\/\/esda.es\/wp-content\/uploads\/2024\/11\/5-300x300.jpg 300w, https:\/\/esda.es\/wp-content\/uploads\/2024\/11\/5-768x768.jpg 768w, https:\/\/esda.es\/wp-content\/uploads\/2024\/11\/5-12x12.jpg 12w\" sizes=\"(max-width: 1080px) 100vw, 1080px\" \/><\/figure>\n\n\n\n<figure class=\"wp-block-image size-large\"><img loading=\"lazy\" decoding=\"async\" width=\"1080\" height=\"1080\" data-id=\"12005\" src=\"https:\/\/esda.es\/wp-content\/uploads\/2024\/11\/6.jpg\" alt=\"\" class=\"wp-image-12005\" srcset=\"https:\/\/esda.es\/wp-content\/uploads\/2024\/11\/6.jpg 1080w, https:\/\/esda.es\/wp-content\/uploads\/2024\/11\/6-300x300.jpg 300w, https:\/\/esda.es\/wp-content\/uploads\/2024\/11\/6-768x768.jpg 768w, https:\/\/esda.es\/wp-content\/uploads\/2024\/11\/6-12x12.jpg 12w\" sizes=\"(max-width: 1080px) 100vw, 1080px\" \/><\/figure>\n\n\n\n<figure class=\"wp-block-image size-large\"><img loading=\"lazy\" decoding=\"async\" width=\"1080\" height=\"1080\" data-id=\"12003\" src=\"https:\/\/esda.es\/wp-content\/uploads\/2024\/11\/4.jpg\" alt=\"\" class=\"wp-image-12003\" srcset=\"https:\/\/esda.es\/wp-content\/uploads\/2024\/11\/4.jpg 1080w, https:\/\/esda.es\/wp-content\/uploads\/2024\/11\/4-300x300.jpg 300w, https:\/\/esda.es\/wp-content\/uploads\/2024\/11\/4-768x768.jpg 768w, https:\/\/esda.es\/wp-content\/uploads\/2024\/11\/4-12x12.jpg 12w\" sizes=\"(max-width: 1080px) 100vw, 1080px\" \/><\/figure>\n\n\n\n<figure class=\"wp-block-image size-large\"><img loading=\"lazy\" decoding=\"async\" width=\"1080\" height=\"1080\" data-id=\"12002\" src=\"https:\/\/esda.es\/wp-content\/uploads\/2024\/11\/3.jpg\" alt=\"\" class=\"wp-image-12002\" srcset=\"https:\/\/esda.es\/wp-content\/uploads\/2024\/11\/3.jpg 1080w, https:\/\/esda.es\/wp-content\/uploads\/2024\/11\/3-300x300.jpg 300w, https:\/\/esda.es\/wp-content\/uploads\/2024\/11\/3-768x768.jpg 768w, https:\/\/esda.es\/wp-content\/uploads\/2024\/11\/3-12x12.jpg 12w\" sizes=\"(max-width: 1080px) 100vw, 1080px\" \/><\/figure>\n\n\n\n<figure class=\"wp-block-image size-large\"><img loading=\"lazy\" decoding=\"async\" width=\"1080\" height=\"1080\" data-id=\"12001\" src=\"https:\/\/esda.es\/wp-content\/uploads\/2024\/11\/2.jpg\" alt=\"\" class=\"wp-image-12001\" srcset=\"https:\/\/esda.es\/wp-content\/uploads\/2024\/11\/2.jpg 1080w, https:\/\/esda.es\/wp-content\/uploads\/2024\/11\/2-300x300.jpg 300w, https:\/\/esda.es\/wp-content\/uploads\/2024\/11\/2-768x768.jpg 768w, https:\/\/esda.es\/wp-content\/uploads\/2024\/11\/2-12x12.jpg 12w\" sizes=\"(max-width: 1080px) 100vw, 1080px\" \/><\/figure>\n\n\n\n<figure class=\"wp-block-image size-large\"><img loading=\"lazy\" decoding=\"async\" width=\"1080\" height=\"1080\" data-id=\"12000\" src=\"https:\/\/esda.es\/wp-content\/uploads\/2024\/11\/1.jpg\" alt=\"\" class=\"wp-image-12000\" srcset=\"https:\/\/esda.es\/wp-content\/uploads\/2024\/11\/1.jpg 1080w, https:\/\/esda.es\/wp-content\/uploads\/2024\/11\/1-300x300.jpg 300w, https:\/\/esda.es\/wp-content\/uploads\/2024\/11\/1-768x768.jpg 768w, https:\/\/esda.es\/wp-content\/uploads\/2024\/11\/1-12x12.jpg 12w\" sizes=\"(max-width: 1080px) 100vw, 1080px\" \/><\/figure>\n<\/figure>\n\n\n\n<p>We participated in the Ceremony of Recognition of Outstanding Abstracts by the Scientific Committee, which was held at Casa Am\u00e9rica in Madrid. The presentation of this research was held two days later at the same venue.<\/p>\n\n\n\n<p>On Friday, Eugenia P\u00e9rez de Mezquia and \u00c1lvaro Albajez presented a second presentation, also developed within the IDIS field, on the educational intervention in social design \"My personal space\", in the Juvenile Centre (Education and Internment Centre by Judicial Measure of Zaragoza), with students of Interior Design.<\/p>\n\n\n\n<figure class=\"wp-block-gallery has-nested-images columns-default is-cropped wp-block-gallery-2 is-layout-flex wp-block-gallery-is-layout-flex\">\n<figure class=\"wp-block-image size-large\"><img loading=\"lazy\" decoding=\"async\" width=\"1920\" height=\"831\" data-id=\"12007\" src=\"https:\/\/esda.es\/wp-content\/uploads\/2024\/11\/eugenia-alvaro.jpg\" alt=\"\" class=\"wp-image-12007\" srcset=\"https:\/\/esda.es\/wp-content\/uploads\/2024\/11\/eugenia-alvaro.jpg 1920w, https:\/\/esda.es\/wp-content\/uploads\/2024\/11\/eugenia-alvaro-300x130.jpg 300w, https:\/\/esda.es\/wp-content\/uploads\/2024\/11\/eugenia-alvaro-768x332.jpg 768w, https:\/\/esda.es\/wp-content\/uploads\/2024\/11\/eugenia-alvaro-1536x665.jpg 1536w, https:\/\/esda.es\/wp-content\/uploads\/2024\/11\/eugenia-alvaro-18x8.jpg 18w\" sizes=\"(max-width: 1920px) 100vw, 1920px\" \/><\/figure>\n<\/figure>\n\n\n\n<p><strong>Link to videos 2nd Ibero-American Forum on Design Research:<\/strong><\/p>\n\n\n\n<p>Winning entry: 1 hour 19 minutes<\/p>\n\n\n\n<figure class=\"wp-block-embed is-type-video is-provider-youtube wp-block-embed-youtube wp-embed-aspect-16-9 wp-has-aspect-ratio\"><div class=\"wp-block-embed__wrapper\">\n<iframe loading=\"lazy\" title=\"Presentations Collaborative Design and Society\" width=\"1200\" height=\"675\" src=\"https:\/\/www.youtube.com\/embed\/jox81dAlkbw?feature=oembed\" frameborder=\"0\" allow=\"accelerometer; autoplay; clipboard-write; encrypted-media; gyroscope; picture-in-picture; web-share\" referrerpolicy=\"strict-origin-when-cross-origin\" allowfullscreen><\/iframe>\n<\/div><\/figure>\n\n\n\n<p>Communication Juvenile Centre: 1 minute 39 seconds<\/p>\n\n\n\n<figure class=\"wp-block-embed is-type-video is-provider-youtube wp-block-embed-youtube wp-embed-aspect-16-9 wp-has-aspect-ratio\"><div class=\"wp-block-embed__wrapper\">\n<iframe loading=\"lazy\" title=\"Design Education and Learning Experiences Presentations\" width=\"1200\" height=\"675\" src=\"https:\/\/www.youtube.com\/embed\/H9kllA2JV68?feature=oembed\" frameborder=\"0\" allow=\"accelerometer; autoplay; clipboard-write; encrypted-media; gyroscope; picture-in-picture; web-share\" referrerpolicy=\"strict-origin-when-cross-origin\" allowfullscreen><\/iframe>\n<\/div><\/figure>\n\n\n\n<p>Prize: 1 hour 05 minutes 50 sec<\/p>\n\n\n\n<figure class=\"wp-block-embed is-type-video is-provider-youtube wp-block-embed-youtube wp-embed-aspect-16-9 wp-has-aspect-ratio\"><div class=\"wp-block-embed__wrapper\">\n<iframe loading=\"lazy\" title=\"Opening remarks of the Second Ibero-American Forum on Research and Design\" width=\"1200\" height=\"675\" src=\"https:\/\/www.youtube.com\/embed\/l3Uz77GKrMY?start=1555&#038;feature=oembed\" frameborder=\"0\" allow=\"accelerometer; autoplay; clipboard-write; encrypted-media; gyroscope; picture-in-picture; web-share\" referrerpolicy=\"strict-origin-when-cross-origin\" allowfullscreen><\/iframe>\n<\/div><\/figure>","protected":false},"excerpt":{"rendered":"<p>2nd Ibero-American Forum on Design Research. And two ESDA papers on social design. The Scientific Committee of the 2nd Ibero-American Forum on Design Research, organised by the Asociaci\u00f3n Iberoam\u00e9rica Dise\u00f1a, has rigorously evaluated the more than two hundred abstracts received, using a double-blind peer review system. Towards a Model of Education in Design ... <a title=\"Design Research Award for ESDA.\" class=\"read-more\" href=\"https:\/\/esda.es\/en\/a-design-research-award-for-the-esda\/\" aria-label=\"Read more about Design Research Award for ESDA.\">Read more<\/a><\/p>","protected":false},"author":12,"featured_media":12009,"comment_status":"closed","ping_status":"closed","sticky":false,"template":"","format":"standard","meta":{"_acf_changed":false,"_gspb_post_css":"","footnotes":""},"categories":[63,57,58],"tags":[],"class_list":["post-11999","post","type-post","status-publish","format-standard","has-post-thumbnail","hentry","category-diseno-social","category-esda-desis-lab","category-investigacion","generate-columns","tablet-grid-50","mobile-grid-100","grid-parent","grid-33"],"acf":[],"_links":{"self":[{"href":"https:\/\/esda.es\/en\/wp-json\/wp\/v2\/posts\/11999"}],"collection":[{"href":"https:\/\/esda.es\/en\/wp-json\/wp\/v2\/posts"}],"about":[{"href":"https:\/\/esda.es\/en\/wp-json\/wp\/v2\/types\/post"}],"author":[{"embeddable":true,"href":"https:\/\/esda.es\/en\/wp-json\/wp\/v2\/users\/12"}],"replies":[{"embeddable":true,"href":"https:\/\/esda.es\/en\/wp-json\/wp\/v2\/comments?post=11999"}],"version-history":[{"count":2,"href":"https:\/\/esda.es\/en\/wp-json\/wp\/v2\/posts\/11999\/revisions"}],"predecessor-version":[{"id":12013,"href":"https:\/\/esda.es\/en\/wp-json\/wp\/v2\/posts\/11999\/revisions\/12013"}],"wp:featuredmedia":[{"embeddable":true,"href":"https:\/\/esda.es\/en\/wp-json\/wp\/v2\/media\/12009"}],"wp:attachment":[{"href":"https:\/\/esda.es\/en\/wp-json\/wp\/v2\/media?parent=11999"}],"wp:term":[{"taxonomy":"category","embeddable":true,"href":"https:\/\/esda.es\/en\/wp-json\/wp\/v2\/categories?post=11999"},{"taxonomy":"post_tag","embeddable":true,"href":"https:\/\/esda.es\/en\/wp-json\/wp\/v2\/tags?post=11999"}],"curies":[{"name":"wp","href":"https:\/\/api.w.org\/{rel}","templated":true}]}}