{"id":7143,"date":"2013-09-17T17:12:40","date_gmt":"2013-09-17T17:12:40","guid":{"rendered":"http:\/\/esda.es\/2013-09-listado-provisional-de-destinos-convocatoria-erasmus-2013-2014\/"},"modified":"2023-03-15T18:55:22","modified_gmt":"2023-03-15T18:55:22","slug":"2013-09-listado-provisional-de-destinos-convocatoria-erasmus-2013-2014","status":"publish","type":"post","link":"https:\/\/esda.es\/en\/2013-09-provisional-list-of-erasmus-destinations-2013-2014-call-for-applications\/","title":{"rendered":"Erasmus Call 2013\/14 Students"},"content":{"rendered":"<div class=\"esda-oldweb-post-images\" style=\"text-align:center;\">\n<img decoding=\"async\" src=\"http:\/\/esda.es\/wp-content\/uploads\/2023\/03\/captura-de-pantalla-22382.jpg\" title=\"\">\n<\/div>\n<div class=\"esda-oldweb-post-content\">\n<p><strong>PROVISIONAL LIST OF DESTINATIONS<\/strong><\/p>\n<p>1. RODR\u00cdGUEZ FERRUZ, SARAY - Plymouth<\/p>\n<p>2. BALLESTEROS L\u00d3PEZ, INES - Oporto<\/p>\n<p>VIDAURRE LABORDA, UXUA - Paris<\/p>\n<p>4. FERN\u00c1NDEZ ESCUER, ROC\u00cdO - Paris<\/p>\n<p>5. OR\u00d3S GASC\u00d3N, M\u00aa PILAR - Brussels<\/p>\n<p>6. VICENTE SAN SEGUNDO, DIEGO - Plymouth<\/p>\n<p>7. MALO ZARAGOZANO, ANDRES - Oporto<\/p>\n<p>8. MESEGUER ALONSO, BLANCA - Brussels<\/p>\n<p>Once the destinations have been determined, the students must present the <strong>Application-form<\/strong><strong> of the school of assignment<\/strong>The registration fee is to be paid before 13:00 h. on Wednesday 20 March at the administration of the centre.<\/p>\n<p>All student documentation will be sent to the relevant European centre, which will have to respond with the acceptance or rejection of the candidates within its own evaluation deadlines.<\/p>\n<p><a href=\"\/en\/files\/130301_resDEFINITIVA.pdf\/\">Download list of destinations<\/a><\/p>\n<\/div>","protected":false},"excerpt":{"rendered":"<p>RODR\u00cdGUEZ FERRUZ, SARAY - Plymouth 2. BALLESTEROS L\u00d3PEZ, INES - Porto 3. VIDAURRE LABORDA, UXUA - Paris 4. FERN\u00c1NDEZ ESCUER, ROC\u00cdO - Paris 5. OR\u00d3S GASC\u00d3N, M\u00aa PILAR - Brussels 6. VICENTE SAN SEGUNDO, DIEGO - Plymouth 7. MALO ZARAGOZANO, ANDRES - Oporto 8. MESEGUER ALONSO, BLANCA - Brussels Certain ... <a title=\"Erasmus Call 2013\/14 Students\" class=\"read-more\" href=\"https:\/\/esda.es\/en\/2013-09-provisional-list-of-erasmus-destinations-2013-2014-call-for-applications\/\" aria-label=\"Read more about Erasmus Call 2013\/14 Students\">Read more<\/a><\/p>","protected":false},"author":1,"featured_media":2468,"comment_status":"open","ping_status":"open","sticky":false,"template":"","format":"standard","meta":{"_acf_changed":false,"_gspb_post_css":"","footnotes":""},"categories":[25],"tags":[],"class_list":["post-7143","post","type-post","status-publish","format-standard","has-post-thumbnail","hentry","category-convocatorias","generate-columns","tablet-grid-50","mobile-grid-100","grid-parent","grid-33"],"acf":[],"_links":{"self":[{"href":"https:\/\/esda.es\/en\/wp-json\/wp\/v2\/posts\/7143"}],"collection":[{"href":"https:\/\/esda.es\/en\/wp-json\/wp\/v2\/posts"}],"about":[{"href":"https:\/\/esda.es\/en\/wp-json\/wp\/v2\/types\/post"}],"author":[{"embeddable":true,"href":"https:\/\/esda.es\/en\/wp-json\/wp\/v2\/users\/1"}],"replies":[{"embeddable":true,"href":"https:\/\/esda.es\/en\/wp-json\/wp\/v2\/comments?post=7143"}],"version-history":[{"count":2,"href":"https:\/\/esda.es\/en\/wp-json\/wp\/v2\/posts\/7143\/revisions"}],"predecessor-version":[{"id":8102,"href":"https:\/\/esda.es\/en\/wp-json\/wp\/v2\/posts\/7143\/revisions\/8102"}],"wp:featuredmedia":[{"embeddable":true,"href":"https:\/\/esda.es\/en\/wp-json\/wp\/v2\/media\/2468"}],"wp:attachment":[{"href":"https:\/\/esda.es\/en\/wp-json\/wp\/v2\/media?parent=7143"}],"wp:term":[{"taxonomy":"category","embeddable":true,"href":"https:\/\/esda.es\/en\/wp-json\/wp\/v2\/categories?post=7143"},{"taxonomy":"post_tag","embeddable":true,"href":"https:\/\/esda.es\/en\/wp-json\/wp\/v2\/tags?post=7143"}],"curies":[{"name":"wp","href":"https:\/\/api.w.org\/{rel}","templated":true}]}}