{"id":7445,"date":"2020-02-21T12:53:19","date_gmt":"2020-02-21T12:53:19","guid":{"rendered":"http:\/\/esda.es\/2020-02-premios-extraordinarios-de-ensenanzas-artisticas\/"},"modified":"2023-03-15T18:56:35","modified_gmt":"2023-03-15T18:56:35","slug":"2020-02-premios-extraordinarios-de-ensenanzas-artisticas","status":"publish","type":"post","link":"https:\/\/esda.es\/en\/2020-02-extraordinary-artistic-education-awards\/","title":{"rendered":"Extraordinary prizes for Artistic Education 2018-2019."},"content":{"rendered":"<div class=\"esda-oldweb-post-images\" style=\"text-align:center;\">\n<img decoding=\"async\" src=\"http:\/\/esda.es\/wp-content\/uploads\/2023\/03\/premios-3277405.jpg\" title=\"\"><img decoding=\"async\" src=\"http:\/\/esda.es\/wp-content\/uploads\/2023\/03\/premios-3570234.jpg\" title=\"\"><img decoding=\"async\" src=\"http:\/\/esda.es\/wp-content\/uploads\/2023\/03\/premios-3646155.jpg\" title=\"\"><img decoding=\"async\" src=\"http:\/\/esda.es\/wp-content\/uploads\/2023\/03\/screenshot-20200219-10080430486.jpg\" title=\"\">\n<\/div>\n<div class=\"esda-oldweb-post-content\">\n<p>Last Monday, 17th February, took place in the theatre of the Escuela Superior de Arte Dram\u00e1tico y Conservatorio de Danza de Murcia, the award ceremony of the extraordinary prizes of Artistic Education corresponding to the academic year 2018-2019.<\/p>\n<p>The event, presented by Paula Lloret and Oriol P\u00e1mies, began with a reception for the authorities and guests enlivened by the Big Band of the Conservatorio de M\u00fasica de Cartagena and continued with performances by the String Orchestra, the Saxophone Group and a brass sextet from the Conservatorio de M\u00fasica de Murcia, giving way to the presentation of the extraordinary prizes for Professional and Higher Artistic Education for the 2018-2019 academic year.<\/p>\n<p>In Higher Artistic Education, in the modality of Design, the award went to<strong> Ana Gonz\u00e1lez Collado<\/strong>She currently teaches Fashion at the Escuela Superior de Dise\u00f1o de Arag\u00f3n.<\/p>\n<p>The awards ceremony was attended by Ms Rebeca P\u00e9rez L\u00f3pez, Deputy Mayor and Delegate for Sustainable Mobility and Youth of Murcia City Council, Mr Carlos Albaladejo Alarc\u00f3n, D. G. for Educational Innovation and Attention to Diversity, Mr Sergio L\u00f3pez Barrancos D. G. for Vocational Training, Mr Juan Antonio Lorca S\u00e1nchez Director of the Institute of Cultural Industries and the Arts, Ms Mar\u00eda Jos\u00e9 Mart\u00ednez Ortiz, Director of the Murcia Region School of Design, and directors of other artistic education centres.<\/p>\n<p><em>Photographs: Ana Lila Garda<\/em><\/p>\n<\/div>","protected":false},"excerpt":{"rendered":"<p>Last Monday 17th February, the ceremony for the awarding of the extraordinary prizes for Artistic Education corresponding to the 2018-2019 academic year took place in the theatre of the Escuela Superior de Arte Dram\u00e1tico y Conservatorio de Danza de Murcia (Murcia Higher School of Dramatic Art and Dance Conservatory). The event, presented by Paula Lloret and Oriol P\u00e1mies, began with a reception of the authorities and the ... <a title=\"Extraordinary prizes for Artistic Education 2018-2019.\" class=\"read-more\" href=\"https:\/\/esda.es\/en\/2020-02-extraordinary-artistic-education-awards\/\" aria-label=\"Read more about Extraordinary Awards for Artistic Education 2018-2019.\">Read more<\/a><\/p>","protected":false},"author":1,"featured_media":5877,"comment_status":"open","ping_status":"open","sticky":false,"template":"","format":"standard","meta":{"_acf_changed":false,"_gspb_post_css":"","footnotes":""},"categories":[10,25,28],"tags":[],"class_list":["post-7445","post","type-post","status-publish","format-standard","has-post-thumbnail","hentry","category-concursos","category-convocatorias","category-eventos","generate-columns","tablet-grid-50","mobile-grid-100","grid-parent","grid-33"],"acf":[],"_links":{"self":[{"href":"https:\/\/esda.es\/en\/wp-json\/wp\/v2\/posts\/7445"}],"collection":[{"href":"https:\/\/esda.es\/en\/wp-json\/wp\/v2\/posts"}],"about":[{"href":"https:\/\/esda.es\/en\/wp-json\/wp\/v2\/types\/post"}],"author":[{"embeddable":true,"href":"https:\/\/esda.es\/en\/wp-json\/wp\/v2\/users\/1"}],"replies":[{"embeddable":true,"href":"https:\/\/esda.es\/en\/wp-json\/wp\/v2\/comments?post=7445"}],"version-history":[{"count":2,"href":"https:\/\/esda.es\/en\/wp-json\/wp\/v2\/posts\/7445\/revisions"}],"predecessor-version":[{"id":8404,"href":"https:\/\/esda.es\/en\/wp-json\/wp\/v2\/posts\/7445\/revisions\/8404"}],"wp:featuredmedia":[{"embeddable":true,"href":"https:\/\/esda.es\/en\/wp-json\/wp\/v2\/media\/5877"}],"wp:attachment":[{"href":"https:\/\/esda.es\/en\/wp-json\/wp\/v2\/media?parent=7445"}],"wp:term":[{"taxonomy":"category","embeddable":true,"href":"https:\/\/esda.es\/en\/wp-json\/wp\/v2\/categories?post=7445"},{"taxonomy":"post_tag","embeddable":true,"href":"https:\/\/esda.es\/en\/wp-json\/wp\/v2\/tags?post=7445"}],"curies":[{"name":"wp","href":"https:\/\/api.w.org\/{rel}","templated":true}]}}