{"id":7446,"date":"2020-02-25T16:20:09","date_gmt":"2020-02-25T16:20:09","guid":{"rendered":"http:\/\/esda.es\/2020-02-ponencia-de-alberto-castrillo\/"},"modified":"2023-03-15T18:56:35","modified_gmt":"2023-03-15T18:56:35","slug":"2020-02-ponencia-de-alberto-castrillo","status":"publish","type":"post","link":"https:\/\/esda.es\/en\/2020-02-presentation-by-alberto-castrillo\/","title":{"rendered":"Speech by Alberto Castrillo"},"content":{"rendered":"<div class=\"esda-oldweb-post-images\" style=\"text-align:center;\">\n<img decoding=\"async\" src=\"http:\/\/esda.es\/wp-content\/uploads\/2023\/03\/1web20468.jpg\" title=\"\"><img decoding=\"async\" src=\"http:\/\/esda.es\/wp-content\/uploads\/2023\/03\/2web99380.jpg\" title=\"\"><img decoding=\"async\" src=\"http:\/\/esda.es\/wp-content\/uploads\/2023\/03\/3web56644.jpg\" title=\"\"><img decoding=\"async\" src=\"http:\/\/esda.es\/wp-content\/uploads\/2023\/03\/4web99707.jpg\" title=\"\"><img decoding=\"async\" src=\"http:\/\/esda.es\/wp-content\/uploads\/2023\/03\/5web7127.jpg\" title=\"\">\n<\/div>\n<div class=\"esda-oldweb-post-content\">\n<p>On Friday 14th February Alberto Castrillo visited us to give a talk on \"the scenic vision\" within the musical project that is being developed with the Conservatorio Superior de M\u00fasica de Arag\u00f3n and the Fundaci\u00f3n Goya en Arag\u00f3n.<\/p>\n<p>This project is carried out with pupils from the two schools on the theme of Goya's \"Los Disparates\" and is working on the creation of a musical work with a scenographic, costume and communication proposal on which our pupils and teachers are working.<\/p>\n<p>We were accompanied by representatives of the Goya Foundation and the students of scenography and fashion.<\/p>\n<p>Thank you all very much.<\/p>\n<\/div>","protected":false},"excerpt":{"rendered":"<p>On Friday 14th February, Alberto Castrillo visited us to give a lecture on \"the scenic vision\" within the musical project that is being developed with the Conservatory of Music of Aragon and the Goya Foundation in Aragon. This project is being carried out with students from the two schools on the theme of \"The ... <a title=\"Speech by Alberto Castrillo\" class=\"read-more\" href=\"https:\/\/esda.es\/en\/2020-02-presentation-by-alberto-castrillo\/\" aria-label=\"Read more about Lecture by Alberto Castrillo\">Read more<\/a><\/p>","protected":false},"author":1,"featured_media":5891,"comment_status":"open","ping_status":"open","sticky":false,"template":"","format":"standard","meta":{"_acf_changed":false,"_gspb_post_css":"","footnotes":""},"categories":[31,28],"tags":[],"class_list":["post-7446","post","type-post","status-publish","format-standard","has-post-thumbnail","hentry","category-charlas-y-conferencias","category-eventos","generate-columns","tablet-grid-50","mobile-grid-100","grid-parent","grid-33"],"acf":[],"_links":{"self":[{"href":"https:\/\/esda.es\/en\/wp-json\/wp\/v2\/posts\/7446"}],"collection":[{"href":"https:\/\/esda.es\/en\/wp-json\/wp\/v2\/posts"}],"about":[{"href":"https:\/\/esda.es\/en\/wp-json\/wp\/v2\/types\/post"}],"author":[{"embeddable":true,"href":"https:\/\/esda.es\/en\/wp-json\/wp\/v2\/users\/1"}],"replies":[{"embeddable":true,"href":"https:\/\/esda.es\/en\/wp-json\/wp\/v2\/comments?post=7446"}],"version-history":[{"count":3,"href":"https:\/\/esda.es\/en\/wp-json\/wp\/v2\/posts\/7446\/revisions"}],"predecessor-version":[{"id":8653,"href":"https:\/\/esda.es\/en\/wp-json\/wp\/v2\/posts\/7446\/revisions\/8653"}],"wp:featuredmedia":[{"embeddable":true,"href":"https:\/\/esda.es\/en\/wp-json\/wp\/v2\/media\/5891"}],"wp:attachment":[{"href":"https:\/\/esda.es\/en\/wp-json\/wp\/v2\/media?parent=7446"}],"wp:term":[{"taxonomy":"category","embeddable":true,"href":"https:\/\/esda.es\/en\/wp-json\/wp\/v2\/categories?post=7446"},{"taxonomy":"post_tag","embeddable":true,"href":"https:\/\/esda.es\/en\/wp-json\/wp\/v2\/tags?post=7446"}],"curies":[{"name":"wp","href":"https:\/\/api.w.org\/{rel}","templated":true}]}}