{"id":7470,"date":"2020-06-04T18:57:18","date_gmt":"2020-06-04T18:57:18","guid":{"rendered":"http:\/\/esda.es\/2020-06-premios-especiales\/"},"modified":"2023-03-15T18:56:40","modified_gmt":"2023-03-15T18:56:40","slug":"2020-06-premios-especiales","status":"publish","type":"post","link":"https:\/\/esda.es\/en\/2020-06-special-awards\/","title":{"rendered":"#BID20 Special Awards"},"content":{"rendered":"<div class=\"esda-oldweb-post-images\" style=\"text-align:center;\">\n<img decoding=\"async\" src=\"http:\/\/esda.es\/wp-content\/uploads\/2023\/03\/captura-de-pantalla-95751.png\" title=\"\"><img decoding=\"async\" src=\"http:\/\/esda.es\/wp-content\/uploads\/2023\/03\/unnamed99644.jpg\" title=\"\"><img decoding=\"async\" src=\"http:\/\/esda.es\/wp-content\/uploads\/2023\/03\/unnamed-237967.jpg\" title=\"\"><img decoding=\"async\" src=\"http:\/\/esda.es\/wp-content\/uploads\/2023\/03\/unnamed-387700.jpg\" title=\"\"><img decoding=\"async\" src=\"http:\/\/esda.es\/wp-content\/uploads\/2023\/03\/unnamed-466895.jpg\" title=\"\"><img decoding=\"async\" src=\"http:\/\/esda.es\/wp-content\/uploads\/2023\/03\/unnamed-565200.jpg\" title=\"\"><img decoding=\"async\" src=\"http:\/\/esda.es\/wp-content\/uploads\/2023\/03\/unnamed-667979.jpg\" title=\"\"><img decoding=\"async\" src=\"http:\/\/esda.es\/wp-content\/uploads\/2023\/03\/unnamed-743006.jpg\" title=\"\"><img decoding=\"async\" src=\"http:\/\/esda.es\/wp-content\/uploads\/2023\/03\/unnamed-81649.jpg\" title=\"\"><img decoding=\"async\" src=\"http:\/\/esda.es\/wp-content\/uploads\/2023\/03\/unnamed-998974.jpg\" title=\"\"><img decoding=\"async\" src=\"http:\/\/esda.es\/wp-content\/uploads\/2023\/03\/unnamed-1062022.jpg\" title=\"\"><img decoding=\"async\" src=\"http:\/\/esda.es\/wp-content\/uploads\/2023\/03\/unnamed-119867.jpg\" title=\"\"><img decoding=\"async\" src=\"http:\/\/esda.es\/wp-content\/uploads\/2023\/03\/unnamed-1283945.jpg\" title=\"\">\n<\/div>\n<div class=\"esda-oldweb-post-content\">\n<p>The <strong>Ibero-American Design Biennial<\/strong> is neither a prize nor a competition but a platform for the visibility and dissemination of the best design in the region. The awards, given by an international jury, are in this framework, a recognition of those works or initiatives that stand out for their excellence and qualities. Capacity for innovation, improved quality of use, inclusivity, recycling and formal-aesthetic quality, usability, identity values, sustainability and creativity are some of the premises for their assessment.<\/p>\n<p>In addition to the 7 category awards that we talked about in our previous communication, the IDB awards&nbsp;<strong>12 special prizes<\/strong>&nbsp;linked to different areas.<\/p>\n<p>The BID is committed to a design focused on the needs of all citizens, to collaboration between them, to the improvement of cities, to projects that drive change, to the most innovative and the most sustainable.<\/p>\n<p>You can consult here the list of&nbsp;<a href=\"https:\/\/dimad.us9.list-manage.com\/track\/click?u=5df47874f697d2e20a8a80e5f&amp;id=101d841ce8&amp;e=01ce981580\" target=\"_blank\" rel=\"noopener\">awards<\/a>&nbsp;together with examples of work from previous editions.<\/p>\n<p><a href=\"https:\/\/dimad.us9.list-manage.com\/track\/click?u=5df47874f697d2e20a8a80e5f&amp;id=00ccde8956&amp;e=01ce981580\" target=\"_blank\" rel=\"noopener\">Project em Aberto<\/a>&nbsp;by Ana Escobar Teixeira. Portugal.<br \/>\nMention BID18 Design for Development \/ Spanish Cooperation.<\/p>\n<p><a href=\"https:\/\/dimad.us9.list-manage.com\/track\/click?u=5df47874f697d2e20a8a80e5f&amp;id=f325cdafe1&amp;e=01ce981580\" target=\"_blank\" rel=\"noopener\">Kyma<\/a>&nbsp;by Trinidad Paz Burgos Comparini, Vicente Andr\u00e9s Burgos Comparini, Carolina Pacheco Glen and Sebasti\u00e1n Spoerer Ruiz-Tagle. Chile.<br \/>\nBID16 Design for All Award \/ ONCE Foundation.<\/p>\n<p><a href=\"https:\/\/dimad.us9.list-manage.com\/track\/click?u=5df47874f697d2e20a8a80e5f&amp;id=ca8c13e998&amp;e=01ce981580\" target=\"_blank\" rel=\"noopener\">Winco Pro<\/a>&nbsp;by Iv\u00e1n Vidal, Frederic Misik, Carlos Alarc\u00f3n, Alex D'Alessio, Jos\u00e9 Antonio Camacho, Jos\u00e9 Luis Pajares, Diego Lara, \u00c1lvaro Closas, Guillermo Closas, Carmen Fern\u00e1ndez Panadero and Pablo J. Alhama Blanco. Spain.<br \/>\nBID18 Design and Innovation Mention.<\/p>\n<p>In the<strong>&nbsp;2018 edition&nbsp;<\/strong>were incorporated&nbsp;<strong>two specific calls<\/strong>The \"Frank Memelsdorff Design and Business\" and \"Design and Research\" awards, with their own Rules of Participation, will be held this year in the \"Frank Memelsdorff Design and Business\" and \"Design and Research\" categories.&nbsp;<a href=\"https:\/\/dimad.us9.list-manage.com\/track\/click?u=5df47874f697d2e20a8a80e5f&amp;id=db0ed6f0d7&amp;e=01ce981580\" target=\"_blank\" rel=\"noopener\">IDB20<\/a>we have a&nbsp;<strong>new award<\/strong>The \"City Image\" award, to highlight those emerging cities that develop a differential activity that makes them stand out.<\/p>\n<p>BID18 Business and Design Frank Memelsdorff Award.<\/p>\n<p><a href=\"https:\/\/dimad.us9.list-manage.com\/track\/click?u=5df47874f697d2e20a8a80e5f&amp;id=1f22fc254c&amp;e=01ce981580\" target=\"_blank\" rel=\"noopener\">Close Skins<\/a>&nbsp;by Elena Zapico Maceda and Raquel Buj Garc\u00eda. Spain.<br \/>\nBID18 Research and Design Mention.<\/p>\n<p><a href=\"https:\/\/dimad.us9.list-manage.com\/track\/click?u=5df47874f697d2e20a8a80e5f&amp;id=50b4bf72a2&amp;e=01ce981580\" target=\"_blank\" rel=\"noopener\">Visual Identity for the City of Porto<\/a>&nbsp;by White Studio (Eduardo Aires, Ana Sim\u00f5es and Raquel Rei). Portugal.<br \/>\nBID16 Award Design for (by and with) culture. BID16 Design and City Award \/ Madrid City Council.<\/p>\n<p>We find ourselves in a time of challenges in which we have to take more aspects into account than before. We want to disseminate projects that advocate a change in thinking towards a better future, give importance to companies that incorporate design into their strategies, value entrepreneurship as an engine of change, promote research in design, highlight the communication strategies of cities to enhance their image, demonstrate how much design contributes to all areas of culture and is a fundamental part of our lives and the importance of publications on design in all its areas to create critical mass.<\/p>\n<p><a href=\"https:\/\/dimad.us9.list-manage.com\/track\/click?u=5df47874f697d2e20a8a80e5f&amp;id=6b213d6c91&amp;e=01ce981580\" target=\"_blank\" rel=\"noopener\">St. Jerome Lives<\/a>&nbsp;by Abril Zepeda and Aram Terry. Nicaragua.<br \/>\nBID18 Mention Design and Sustainability.<\/p>\n<p><a href=\"https:\/\/dimad.us9.list-manage.com\/track\/click?u=5df47874f697d2e20a8a80e5f&amp;id=63b988437f&amp;e=01ce981580\" target=\"_blank\" rel=\"noopener\">Artesanato Ofay\u00e9<\/a>&nbsp;by Renato Imbroisi. Brazil.<br \/>\nBID18 Mention Design and entrepreneurship.<\/p>\n<p><a href=\"https:\/\/dimad.us9.list-manage.com\/track\/click?u=5df47874f697d2e20a8a80e5f&amp;id=ac3392e719&amp;e=01ce981580\" target=\"_blank\" rel=\"noopener\">Chichico Alkmim Photographer<\/a>&nbsp;by Gabriela Castro, Gustavo Marchetti and Paulo Andr\u00e9 Chagas. Brazil<br \/>\nBID18 Award Design for (by and with) Culture. BID18 Mention Design of spaces and interior design.<\/p>\n<p><a href=\"https:\/\/dimad.us9.list-manage.com\/track\/click?u=5df47874f697d2e20a8a80e5f&amp;id=4557582696&amp;e=01ce981580\" target=\"_blank\" rel=\"noopener\">Base Dise\u00f1o e Innovaci\u00f3n magazine<\/a>. Chile.<br \/>\nFinalist BID16 Design and Design Publications.<\/p>\n<p><a href=\"https:\/\/dimad.us9.list-manage.com\/track\/click?u=5df47874f697d2e20a8a80e5f&amp;id=f274a2183e&amp;e=01ce981580\" target=\"_blank\" rel=\"noopener\">Pixelata<\/a>&nbsp;by Carlos Jim\u00e9nez, Pilar Balsalobre. Spain.<br \/>\nMention BID18 Design and citizen participation \/ UCCI.<\/p>\n<p>For more information see the&nbsp;<strong><a href=\"https:\/\/dimad.us9.list-manage.com\/track\/click?u=5df47874f697d2e20a8a80e5f&amp;id=8f8dee38f2&amp;e=01ce981580\" target=\"_blank\" rel=\"noopener\">Basis of the call for proposals<\/a><\/strong>&nbsp;and the&nbsp;<strong><a href=\"https:\/\/dimad.us9.list-manage.com\/track\/click?u=5df47874f697d2e20a8a80e5f&amp;id=e926c4617d&amp;e=01ce981580\" target=\"_blank\" rel=\"noopener\">online form<\/a><\/strong>.<\/p>\n<p><strong>The IDB20 is made possible thanks to the main partnership of the&nbsp;<a href=\"https:\/\/dimad.us9.list-manage.com\/track\/click?u=5df47874f697d2e20a8a80e5f&amp;id=50f84a0b51&amp;e=01ce981580\" target=\"_blank\" rel=\"noopener\">Madrid City Council<\/a>and the collaboration of the&nbsp;<a href=\"https:\/\/dimad.us9.list-manage.com\/track\/click?u=5df47874f697d2e20a8a80e5f&amp;id=b93aae9b08&amp;e=01ce981580\" target=\"_blank\" rel=\"noopener\">Spanish Cooperation<\/a>&nbsp;through&nbsp;<a href=\"https:\/\/dimad.us9.list-manage.com\/track\/click?u=5df47874f697d2e20a8a80e5f&amp;id=a72bf9364f&amp;e=01ce981580\" target=\"_blank\" rel=\"noopener\">AECID<\/a>.&nbsp;<\/strong><\/p>\n<p>We will be telling you a lot of things in the networks.&nbsp;<strong><a href=\"https:\/\/dimad.us9.list-manage.com\/track\/click?u=5df47874f697d2e20a8a80e5f&amp;id=45f6d0ebe9&amp;e=01ce981580\" target=\"_blank\" rel=\"noopener\">Don't forget to follow us<\/a><\/strong>.<\/p>\n<p><a href=\"https:\/\/dimad.us9.list-manage.com\/track\/click?u=5df47874f697d2e20a8a80e5f&amp;id=5ff4bba30b&amp;e=01ce981580\" target=\"_blank\" rel=\"noopener\">JOIN<\/a><\/p>\n<\/div>","protected":false},"excerpt":{"rendered":"<p>The Ibero-American Design Biennial is neither a prize nor a competition but a platform for the visibility and dissemination of the best design in the region. The awards, given by an international jury, are in this framework, a recognition of those works or initiatives that stand out for their excellence and qualities. Capacity for innovation, improvement of the quality of ... <a title=\"#BID20 Special Awards\" class=\"read-more\" href=\"https:\/\/esda.es\/en\/2020-06-special-awards\/\" aria-label=\"Read more about #BID20 Special Awards\">Read more<\/a><\/p>","protected":false},"author":1,"featured_media":5865,"comment_status":"open","ping_status":"open","sticky":false,"template":"","format":"standard","meta":{"_acf_changed":false,"_gspb_post_css":"","footnotes":""},"categories":[34,25,26,29,49],"tags":[],"class_list":["post-7470","post","type-post","status-publish","format-standard","has-post-thumbnail","hentry","category-bid_dimad","category-convocatorias","category-esda","category-experiencias","category-noticias-internacional","generate-columns","tablet-grid-50","mobile-grid-100","grid-parent","grid-33"],"acf":[],"_links":{"self":[{"href":"https:\/\/esda.es\/en\/wp-json\/wp\/v2\/posts\/7470"}],"collection":[{"href":"https:\/\/esda.es\/en\/wp-json\/wp\/v2\/posts"}],"about":[{"href":"https:\/\/esda.es\/en\/wp-json\/wp\/v2\/types\/post"}],"author":[{"embeddable":true,"href":"https:\/\/esda.es\/en\/wp-json\/wp\/v2\/users\/1"}],"replies":[{"embeddable":true,"href":"https:\/\/esda.es\/en\/wp-json\/wp\/v2\/comments?post=7470"}],"version-history":[{"count":2,"href":"https:\/\/esda.es\/en\/wp-json\/wp\/v2\/posts\/7470\/revisions"}],"predecessor-version":[{"id":8429,"href":"https:\/\/esda.es\/en\/wp-json\/wp\/v2\/posts\/7470\/revisions\/8429"}],"wp:featuredmedia":[{"embeddable":true,"href":"https:\/\/esda.es\/en\/wp-json\/wp\/v2\/media\/5865"}],"wp:attachment":[{"href":"https:\/\/esda.es\/en\/wp-json\/wp\/v2\/media?parent=7470"}],"wp:term":[{"taxonomy":"category","embeddable":true,"href":"https:\/\/esda.es\/en\/wp-json\/wp\/v2\/categories?post=7470"},{"taxonomy":"post_tag","embeddable":true,"href":"https:\/\/esda.es\/en\/wp-json\/wp\/v2\/tags?post=7470"}],"curies":[{"name":"wp","href":"https:\/\/api.w.org\/{rel}","templated":true}]}}