{"id":7517,"date":"2021-02-05T10:01:47","date_gmt":"2021-02-05T10:01:47","guid":{"rendered":"http:\/\/esda.es\/2021-02-conferencia-de-edu-flores-y-raquel-garrido-de-apila-ediciones-profesores-de-la-esda\/"},"modified":"2023-03-15T18:56:47","modified_gmt":"2023-03-15T18:56:47","slug":"2021-02-conferencia-de-edu-flores-y-raquel-garrido-de-apila-ediciones-profesores-de-la-esda","status":"publish","type":"post","link":"https:\/\/esda.es\/en\/2021-02-lecture-by-edu-flores-and-raquel-garrido-from-apila-ediciones-profesores-de-la-esda\/","title":{"rendered":"Lecture by Edu Flores and Raquel Garrido from Apila Ediciones, teachers at ESDA."},"content":{"rendered":"<div class=\"esda-oldweb-post-images\" style=\"text-align:center;\">\n<img decoding=\"async\" src=\"http:\/\/esda.es\/wp-content\/uploads\/2023\/03\/apila-ediciones-1-3124.jpg\" title=\"\"><img decoding=\"async\" src=\"http:\/\/esda.es\/wp-content\/uploads\/2023\/03\/programa93122.jpg\" title=\"\">\n<\/div>\n<div class=\"esda-oldweb-post-content\">\n<p>Conference within the<strong> 5th Esdise\u00f1o Design Congress<\/strong> online organised by the&nbsp; <em>FADU, Faculty of Architecture, Design and Urbanism of Tampico (Mexico).<\/em><\/p>\n<p>Lecture by Edu Flores and Raquel Garrido from Apila Ediciones, teachers at ESDA.<\/p>\n<p>The conference can be watched live on the <strong>Facebook Live<\/strong> The meeting will take place next Tuesday 9th at 13:00 Mexican time, 20:00 Spanish time.<\/p>\n<p><a href=\"https:\/\/m.facebook.com\/fadu.uat\/?locale2=es_LA\" target=\"_blank\" rel=\"noopener\">https:\/\/m.facebook.com\/fadu.uat\/?locale2=es_LA<\/a><\/p>\n<\/div>","protected":false},"excerpt":{"rendered":"<p>Conference as part of the V Congreso de Dise\u00f1o Esdise\u00f1o on line organised by the FADU, Facultad de Arquitectura, Dise\u00f1o y Urbanismo de Tampico (Mexico). Lecture by Edu Flores and Raquel Garrido of Apila Ediciones, professors at ESDA. The conference can be seen live on the Facebook Live of this faculty next Tuesday 9 ... <a title=\"Lecture by Edu Flores and Raquel Garrido from Apila Ediciones, teachers at ESDA.\" class=\"read-more\" href=\"https:\/\/esda.es\/en\/2021-02-lecture-by-edu-flores-and-raquel-garrido-from-apila-ediciones-profesores-de-la-esda\/\" aria-label=\"Read more about Lecture by Edu Flores and Raquel Garrido from Apila Ediciones, ESDA teachers.\">Read more<\/a><\/p>","protected":false},"author":1,"featured_media":6261,"comment_status":"open","ping_status":"open","sticky":false,"template":"","format":"standard","meta":{"_acf_changed":false,"_gspb_post_css":"","footnotes":""},"categories":[31],"tags":[],"class_list":["post-7517","post","type-post","status-publish","format-standard","has-post-thumbnail","hentry","category-charlas-y-conferencias","generate-columns","tablet-grid-50","mobile-grid-100","grid-parent","grid-33"],"acf":[],"_links":{"self":[{"href":"https:\/\/esda.es\/en\/wp-json\/wp\/v2\/posts\/7517"}],"collection":[{"href":"https:\/\/esda.es\/en\/wp-json\/wp\/v2\/posts"}],"about":[{"href":"https:\/\/esda.es\/en\/wp-json\/wp\/v2\/types\/post"}],"author":[{"embeddable":true,"href":"https:\/\/esda.es\/en\/wp-json\/wp\/v2\/users\/1"}],"replies":[{"embeddable":true,"href":"https:\/\/esda.es\/en\/wp-json\/wp\/v2\/comments?post=7517"}],"version-history":[{"count":2,"href":"https:\/\/esda.es\/en\/wp-json\/wp\/v2\/posts\/7517\/revisions"}],"predecessor-version":[{"id":8476,"href":"https:\/\/esda.es\/en\/wp-json\/wp\/v2\/posts\/7517\/revisions\/8476"}],"wp:featuredmedia":[{"embeddable":true,"href":"https:\/\/esda.es\/en\/wp-json\/wp\/v2\/media\/6261"}],"wp:attachment":[{"href":"https:\/\/esda.es\/en\/wp-json\/wp\/v2\/media?parent=7517"}],"wp:term":[{"taxonomy":"category","embeddable":true,"href":"https:\/\/esda.es\/en\/wp-json\/wp\/v2\/categories?post=7517"},{"taxonomy":"post_tag","embeddable":true,"href":"https:\/\/esda.es\/en\/wp-json\/wp\/v2\/tags?post=7517"}],"curies":[{"name":"wp","href":"https:\/\/api.w.org\/{rel}","templated":true}]}}